{"id":55,"date":"2021-02-22T08:57:26","date_gmt":"2021-02-22T08:57:26","guid":{"rendered":"https:\/\/kulturhaus-wienhausen.de\/web\/?p=55"},"modified":"2021-03-07T08:41:03","modified_gmt":"2021-03-07T08:41:03","slug":"vera-maria-mueller-der-andere-blick","status":"publish","type":"post","link":"https:\/\/kulturhaus-wienhausen.de\/web\/vera-maria-mueller-der-andere-blick\/","title":{"rendered":"Vera-Maria M\u00fcller &#8211; Der andere Blick"},"content":{"rendered":"<p>[et_pb_section fb_built=&#8220;1&#8243; custom_padding_last_edited=&#8220;off|desktop&#8220; admin_label=&#8220;Header&#8220; _builder_version=&#8220;3.24&#8243; background_color_gradient_direction=&#8220;188deg&#8220; background_image=&#8220;https:\/\/kulturhaus-wienhausen.de\/web\/wp-content\/uploads\/2020\/07\/art-gallery-55.jpg&#8220; background_size=&#8220;initial&#8220; background_repeat=&#8220;repeat&#8220; width=&#8220;100%&#8220; custom_padding_tablet=&#8220;5vw||5vw||true&#8220;][et_pb_row column_structure=&#8220;2_5,3_5&#8243; use_custom_gutter=&#8220;on&#8220; gutter_width=&#8220;2&#8243; make_equal=&#8220;on&#8220; _builder_version=&#8220;3.25&#8243; use_custom_width=&#8220;on&#8220; width_unit=&#8220;off&#8220; custom_width_percent=&#8220;100%&#8220; locked=&#8220;off&#8220;][et_pb_column type=&#8220;2_5&#8243; _builder_version=&#8220;3.25&#8243; custom_padding=&#8220;|||&#8220; custom_padding__hover=&#8220;|||&#8220;][et_pb_text _builder_version=&#8220;4.9.0&#8243; text_font=&#8220;||||||||&#8220; header_font=&#8220;||||||||&#8220; header_2_font=&#8220;Prata|500|||||||&#8220; header_2_text_align=&#8220;left&#8220; header_2_font_size=&#8220;56px&#8220; header_2_line_height=&#8220;1.3em&#8220; header_4_font=&#8220;|700|||||||&#8220; header_4_font_size=&#8220;20px&#8220; header_4_line_height=&#8220;1.2em&#8220; transform_translate_linked=&#8220;off&#8220; max_width=&#8220;100%&#8220; max_width_tablet=&#8220;70%&#8220; max_width_last_edited=&#8220;off|phone&#8220; header_2_font_size_tablet=&#8220;40px&#8220; header_2_font_size_phone=&#8220;26px&#8220; header_2_font_size_last_edited=&#8220;on|desktop&#8220;]<\/p>\n<h3>Ausstellung<\/h3>\n<p>[\/et_pb_text][\/et_pb_column][et_pb_column type=&#8220;3_5&#8243; _builder_version=&#8220;3.25&#8243; custom_padding=&#8220;|||&#8220; custom_padding__hover=&#8220;|||&#8220;][et_pb_text _builder_version=&#8220;4.9.0&#8243; text_font=&#8220;||||||||&#8220; header_font=&#8220;|700|||||||&#8220; header_font_size=&#8220;20px&#8220; header_line_height=&#8220;1.3em&#8220; header_2_font=&#8220;|700|||||||&#8220; header_2_font_size=&#8220;20px&#8220; header_2_line_height=&#8220;1.3em&#8220; header_3_font=&#8220;|700|||||||&#8220; header_3_font_size=&#8220;16px&#8220; header_3_line_height=&#8220;1.3em&#8220; header_font_size_tablet=&#8220;&#8220; header_font_size_phone=&#8220;&#8220; header_font_size_last_edited=&#8220;on|desktop&#8220; locked=&#8220;off&#8220;]<\/p>\n<h2>Vera-Maria M\u00fcller<\/h2>\n<h3>Der andere Blick<\/h3>\n<h4>Neue Arbeiten<\/h4>\n<p>Vera-Maria M\u00fcller stellt im Kulturhaus Wienhausen ihre neuen Arbeiten vor. Da das Kulturhaus aktuell f\u00fcr Besuchsverkehr geschlossen ist, m\u00f6chten wir Sie einladen, die Ausstellung hier digital zu besuchen. Herzlich willkommen.<\/p>\n<p>[\/et_pb_text][\/et_pb_column][\/et_pb_row][et_pb_row column_structure=&#8220;3_4,1_4&#8243; module_id=&#8220;Video_Ausstellung&#8220; _builder_version=&#8220;4.9.0&#8243;][et_pb_column type=&#8220;3_4&#8243; _builder_version=&#8220;3.25&#8243; custom_padding=&#8220;|||&#8220; custom_padding__hover=&#8220;|||&#8220;][et_pb_video src=&#8220;https:\/\/youtu.be\/kQGMf_UyK6c&#8220; _builder_version=&#8220;4.9.0&#8243; _module_preset=&#8220;default&#8220;][\/et_pb_video][et_pb_blurb _builder_version=&#8220;4.9.0&#8243; _module_preset=&#8220;default&#8220;]<\/p>\n<p><em>Vera-Maria M\u00fcller f\u00fchrt im Youtube-Video durch die Ausstellung.<\/em><\/p>\n<p>[\/et_pb_blurb][\/et_pb_column][et_pb_column type=&#8220;1_4&#8243; _builder_version=&#8220;3.25&#8243; custom_padding=&#8220;|||&#8220; custom_padding__hover=&#8220;|||&#8220;][et_pb_text _builder_version=&#8220;4.9.0&#8243; text_font=&#8220;||||||||&#8220; header_font=&#8220;||||||||&#8220; header_2_font=&#8220;Prata|500|||||||&#8220; header_2_text_align=&#8220;left&#8220; header_2_font_size=&#8220;56px&#8220; header_2_line_height=&#8220;1.3em&#8220; header_4_font=&#8220;|700|||||||&#8220; header_4_font_size=&#8220;16px&#8220; header_4_line_height=&#8220;1.2em&#8220; transform_translate_linked=&#8220;off&#8220; max_width=&#8220;700px&#8220; max_width_tablet=&#8220;70%&#8220; max_width_last_edited=&#8220;off|phone&#8220; header_2_font_size_tablet=&#8220;40px&#8220; header_2_font_size_phone=&#8220;26px&#8220; header_2_font_size_last_edited=&#8220;on|desktop&#8220; locked=&#8220;off&#8220;]<\/p>\n<h4>20. Feb. bis 27. M\u00e4rz 2021<\/h4>\n<p>[\/et_pb_text][et_pb_text _builder_version=&#8220;4.9.0&#8243; text_font=&#8220;||on||||||&#8220; text_font_size=&#8220;10px&#8220; text_line_height=&#8220;1.4em&#8220; header_font=&#8220;|700|||||||&#8220; header_font_size=&#8220;20px&#8220; header_line_height=&#8220;1.3em&#8220; header_3_font=&#8220;|700|||||||&#8220; header_3_font_size=&#8220;20px&#8220; header_3_line_height=&#8220;1.3em&#8220; header_font_size_tablet=&#8220;&#8220; header_font_size_phone=&#8220;&#8220; header_font_size_last_edited=&#8220;on|desktop&#8220; locked=&#8220;off&#8220;]<\/p>\n<p>Ein Besuch im Kulturhaus ist aktuell leider nicht m\u00f6glich.<\/p>\n<p>[\/et_pb_text][\/et_pb_column][\/et_pb_row][et_pb_row column_structure=&#8220;3_5,2_5&#8243; _builder_version=&#8220;4.9.1&#8243; _module_preset=&#8220;default&#8220;][et_pb_column type=&#8220;3_5&#8243; _builder_version=&#8220;4.9.1&#8243; _module_preset=&#8220;default&#8220;][\/et_pb_column][et_pb_column type=&#8220;2_5&#8243; _builder_version=&#8220;4.9.1&#8243; _module_preset=&#8220;default&#8220;][et_pb_button button_url=&#8220;https:\/\/kulturhaus-wienhausen.de\/web\/vtour-Ausstellung\/tour.html&#8220; url_new_window=&#8220;on&#8220; button_text=&#8220;zum virtuellen Rundgang&#8230;&#8220; _builder_version=&#8220;4.9.1&#8243; _module_preset=&#8220;default&#8220;][\/et_pb_button][\/et_pb_column][\/et_pb_row][\/et_pb_section][et_pb_section fb_built=&#8220;1&#8243; admin_label=&#8220;Gallery&#8220; module_id=&#8220;Bilder&#8220; _builder_version=&#8220;4.9.0&#8243; background_image=&#8220;https:\/\/kulturhaus-wienhausen.de\/web\/wp-content\/uploads\/2020\/07\/art-gallery-55.jpg&#8220; background_size=&#8220;initial&#8220; background_repeat=&#8220;repeat&#8220; custom_padding=&#8220;0px|||||&#8220; box_shadow_style=&#8220;preset1&#8243;][et_pb_row custom_padding_last_edited=&#8220;off|phone&#8220; _builder_version=&#8220;3.25&#8243; background_position=&#8220;bottom_center&#8220; custom_padding_tablet=&#8220;17vw||17vw||false&#8220; use_custom_width=&#8220;on&#8220; width_unit=&#8220;off&#8220; custom_width_percent=&#8220;100%&#8220; locked=&#8220;off&#8220;][et_pb_column type=&#8220;4_4&#8243; _builder_version=&#8220;3.25&#8243; custom_padding=&#8220;|||&#8220; custom_padding__hover=&#8220;|||&#8220;][et_pb_text _builder_version=&#8220;4.9.0&#8243; text_font=&#8220;||||||||&#8220; header_font=&#8220;||||||||&#8220; header_2_font=&#8220;Prata|500|||||||&#8220; header_2_text_align=&#8220;center&#8220; header_2_font_size=&#8220;56px&#8220; header_2_line_height=&#8220;1.3em&#8220; header_3_font=&#8220;|700||on|||||&#8220; header_3_text_align=&#8220;center&#8220; header_3_text_color=&#8220;rgba(0,0,0,0.35)&#8220; header_3_font_size=&#8220;12px&#8220; header_3_letter_spacing=&#8220;5px&#8220; header_3_line_height=&#8220;2em&#8220; transform_translate_linked=&#8220;off&#8220; max_width=&#8220;700px&#8220; max_width_tablet=&#8220;70%&#8220; max_width_last_edited=&#8220;off|phone&#8220; module_alignment=&#8220;center&#8220; header_2_font_size_tablet=&#8220;40px&#8220; header_2_font_size_phone=&#8220;26px&#8220; header_2_font_size_last_edited=&#8220;on|phone&#8220; header_3_font_size_phone=&#8220;10px&#8220; header_3_font_size_last_edited=&#8220;off|desktop&#8220; module_alignment_last_edited=&#8220;off|desktop&#8220;]<\/p>\n<h3>die Bilder&#8230;<\/h3>\n<p>[\/et_pb_text][\/et_pb_column][\/et_pb_row][et_pb_row _builder_version=&#8220;4.9.0&#8243; _module_preset=&#8220;default&#8220;][et_pb_column type=&#8220;4_4&#8243; _builder_version=&#8220;4.9.0&#8243; _module_preset=&#8220;default&#8220;][et_pb_gallery gallery_ids=&#8220;80,82,96,84,85,86,87,88,89,90,91,92,93,94,95&#8243; posts_number=&#8220;15&#8243; show_title_and_caption=&#8220;off&#8220; show_pagination=&#8220;off&#8220; _builder_version=&#8220;4.9.0&#8243; _module_preset=&#8220;default&#8220; box_shadow_style_image=&#8220;preset1&#8243;][\/et_pb_gallery][\/et_pb_column][\/et_pb_row][\/et_pb_section][et_pb_section fb_built=&#8220;1&#8243; module_id=&#8220;Video_Buch&#8220; _builder_version=&#8220;4.9.0&#8243; _module_preset=&#8220;default&#8220;][et_pb_row _builder_version=&#8220;4.9.0&#8243; _module_preset=&#8220;default&#8220; box_shadow_style=&#8220;preset1&#8243;][et_pb_column type=&#8220;4_4&#8243; _builder_version=&#8220;4.9.0&#8243; _module_preset=&#8220;default&#8220;][et_pb_blurb title=&#8220;Schau Mal! &#8211; das Buch&#8220; _builder_version=&#8220;4.9.0&#8243; _module_preset=&#8220;default&#8220;][\/et_pb_blurb][et_pb_video src=&#8220;https:\/\/vimeo.com\/517130329&#8243; _builder_version=&#8220;4.9.0&#8243; _module_preset=&#8220;default&#8220;][\/et_pb_video][et_pb_blurb _builder_version=&#8220;4.9.0&#8243; _module_preset=&#8220;default&#8220;]<\/p>\n<p><em>Sie w\u00fcrden gerne mein Buch SCHAU MAL! zum Preis von EUR 25,00 bestellen?<\/em><br \/><em> Nichts einfacher als das! Schreiben Sie mir dazu einfach eine E-Mail an<br \/><\/em><em><a href=\"mailto:info@kulturhaus-wienhausen.de\">info@kulturhaus-wienhausen.de<\/a> und ich werde mich alsbald bei Ihnen melden!<\/em><\/p>\n<p>[\/et_pb_blurb][\/et_pb_column][\/et_pb_row][\/et_pb_section][et_pb_section fb_built=&#8220;1&#8243; admin_label=&#8220;Artists&#8220; module_id=&#8220;Vita&#8220; _builder_version=&#8220;4.9.0&#8243;][et_pb_row custom_padding_last_edited=&#8220;off|phone&#8220; _builder_version=&#8220;3.25&#8243; background_position=&#8220;bottom_center&#8220; custom_padding_tablet=&#8220;17vw||17vw||false&#8220; use_custom_width=&#8220;on&#8220; width_unit=&#8220;off&#8220; custom_width_percent=&#8220;100%&#8220; locked=&#8220;off&#8220;][et_pb_column type=&#8220;4_4&#8243; _builder_version=&#8220;3.25&#8243; custom_padding=&#8220;|||&#8220; custom_padding__hover=&#8220;|||&#8220;][et_pb_text _builder_version=&#8220;4.9.0&#8243; text_font=&#8220;||||||||&#8220; header_font=&#8220;||||||||&#8220; header_2_font=&#8220;Prata|500|||||||&#8220; header_2_font_size=&#8220;56px&#8220; header_2_line_height=&#8220;1.3em&#8220; header_3_font=&#8220;|700||on|||||&#8220; header_3_text_color=&#8220;rgba(0,0,0,0.35)&#8220; header_3_font_size=&#8220;12px&#8220; header_3_letter_spacing=&#8220;5px&#8220; header_3_line_height=&#8220;2em&#8220; transform_translate_linked=&#8220;off&#8220; text_orientation=&#8220;center&#8220; max_width=&#8220;700px&#8220; max_width_tablet=&#8220;70%&#8220; max_width_last_edited=&#8220;off|phone&#8220; module_alignment=&#8220;center&#8220; header_2_font_size_tablet=&#8220;40px&#8220; header_2_font_size_phone=&#8220;26px&#8220; header_2_font_size_last_edited=&#8220;on|phone&#8220; header_3_font_size_phone=&#8220;10px&#8220; header_3_font_size_last_edited=&#8220;off|desktop&#8220; module_alignment_last_edited=&#8220;off|desktop&#8220; text_text_align=&#8220;center&#8220;]<\/p>\n<h3>Die K\u00fcnstlerin<\/h3>\n<h2>Vera-Maria M\u00fcller<\/h2>\n<p>[\/et_pb_text][\/et_pb_column][\/et_pb_row][et_pb_row _builder_version=&#8220;4.9.0&#8243; max_width=&#8220;700px&#8220; locked=&#8220;off&#8220;][et_pb_column type=&#8220;4_4&#8243; _builder_version=&#8220;3.25&#8243; custom_padding=&#8220;|||&#8220; custom_padding__hover=&#8220;|||&#8220;][et_pb_text ul_position=&#8220;inside&#8220; _builder_version=&#8220;4.9.0&#8243; text_font=&#8220;||||||||&#8220; text_line_height=&#8220;2em&#8220; link_font=&#8220;||||||||&#8220; link_text_color=&#8220;#666666&#8243; ul_font=&#8220;||||||||&#8220; header_font=&#8220;|700|||||||&#8220; header_font_size=&#8220;20px&#8220; header_line_height=&#8220;1.3em&#8220; header_3_font=&#8220;|700|||||||&#8220; header_3_font_size=&#8220;20px&#8220; header_3_line_height=&#8220;1.3em&#8220; text_font_size_tablet=&#8220;&#8220; text_font_size_phone=&#8220;16px&#8220; text_font_size_last_edited=&#8220;on|phone&#8220; text_text_align=&#8220;center&#8220; locked=&#8220;off&#8220;]<\/p>\n<p>1947<br \/> in Gro\u00df Lafferde geboren<br \/> 1966-68<br \/> Kunststudium am staatlichen Hochschulinstitut f\u00fcr Kunst- und Werkerziehung in Mainz<br \/> 1969-72<br \/> Hochschule f\u00fcr Bildende K\u00fcnste in Berlin<br \/> 1973-74<br \/> Meistersch\u00fclerin bei Prof. Fred Thieler<br \/> 1975-79<br \/> Kunsterzieherin in Berlin und Frankfurt am Main<br \/> seit 1980<br \/> freischaffende K\u00fcnstlerin, in Wiesbaden<br \/>1994 &#8211; 2012<br \/> Lehrauftr\u00e4ge an der Helene-Lange-Schule, Wiesbaden<\/p>\n<p>[\/et_pb_text][\/et_pb_column][\/et_pb_row][\/et_pb_section][et_pb_section fb_built=&#8220;1&#8243; disabled_on=&#8220;on|on|on&#8220; admin_label=&#8220;Footer&#8220; _builder_version=&#8220;3.24&#8243; background_size=&#8220;initial&#8220; background_repeat=&#8220;repeat-y&#8220; custom_padding=&#8220;0px|||||&#8220; disabled=&#8220;on&#8220; saved_tabs=&#8220;all&#8220; locked=&#8220;off&#8220;][et_pb_row column_structure=&#8220;1_4,1_4,1_4,1_4&#8243; use_custom_gutter=&#8220;on&#8220; gutter_width=&#8220;2&#8243; _builder_version=&#8220;3.25&#8243; border_width_top=&#8220;2px&#8220;][et_pb_column type=&#8220;1_4&#8243; _builder_version=&#8220;3.25&#8243; custom_padding=&#8220;|||&#8220; custom_padding__hover=&#8220;|||&#8220;][\/et_pb_column][et_pb_column type=&#8220;1_4&#8243; _builder_version=&#8220;3.25&#8243; custom_padding=&#8220;|||&#8220; custom_padding__hover=&#8220;|||&#8220;][\/et_pb_column][et_pb_column type=&#8220;1_4&#8243; _builder_version=&#8220;3.25&#8243; custom_padding=&#8220;|||&#8220; custom_padding__hover=&#8220;|||&#8220;][\/et_pb_column][et_pb_column type=&#8220;1_4&#8243; _builder_version=&#8220;3.25&#8243; custom_padding=&#8220;|||&#8220; custom_padding__hover=&#8220;|||&#8220;][\/et_pb_column][\/et_pb_row][\/et_pb_section]<\/p>\n","protected":false},"excerpt":{"rendered":"<p>AusstellungVera-Maria M\u00fcller Der andere Blick Neue Arbeiten Vera-Maria M\u00fcller stellt im Kulturhaus Wienhausen ihre neuen Arbeiten vor. Da das Kulturhaus aktuell f\u00fcr Besuchsverkehr geschlossen ist, m\u00f6chten wir Sie einladen, die Ausstellung hier digital zu besuchen. Herzlich willkommen.Vera-Maria M\u00fcller f\u00fchrt im Youtube-Video durch die Ausstellung.20. Feb. bis 27. M\u00e4rz 2021Ein Besuch im Kulturhaus ist aktuell leider [&hellip;]<\/p>\n","protected":false},"author":1,"featured_media":64,"comment_status":"open","ping_status":"open","sticky":false,"template":"","format":"standard","meta":{"_et_pb_use_builder":"on","_et_pb_old_content":"","_et_gb_content_width":"","footnotes":""},"categories":[3],"tags":[],"class_list":["post-55","post","type-post","status-publish","format-standard","has-post-thumbnail","hentry","category-ausstellung"],"yoast_head":"<!-- This site is optimized with the Yoast SEO plugin v27.5 - https:\/\/yoast.com\/product\/yoast-seo-wordpress\/ -->\n<title>Vera-Maria M\u00fcller - Der andere Blick - Kulturhaus Wienhausen<\/title>\n<meta name=\"description\" content=\"Kunst und Kultur in Wienhausen. Willkommen im Kulturhaus Wienhausen. - Vera-Maria M\u00fcller - Der andere Blick - Kulturhaus Wienhausen -\" \/>\n<meta name=\"robots\" content=\"index, follow, max-snippet:-1, max-image-preview:large, max-video-preview:-1\" \/>\n<link rel=\"canonical\" href=\"https:\/\/kulturhaus-wienhausen.de\/web\/vera-maria-mueller-der-andere-blick\/\" \/>\n<meta property=\"og:locale\" content=\"de_DE\" \/>\n<meta property=\"og:type\" content=\"article\" \/>\n<meta property=\"og:title\" content=\"Vera-Maria M\u00fcller - Der andere Blick - Kulturhaus Wienhausen\" \/>\n<meta property=\"og:description\" content=\"Kunst und Kultur in Wienhausen. Willkommen im Kulturhaus Wienhausen. - Vera-Maria M\u00fcller - Der andere Blick - Kulturhaus Wienhausen -\" \/>\n<meta property=\"og:url\" content=\"https:\/\/kulturhaus-wienhausen.de\/web\/vera-maria-mueller-der-andere-blick\/\" \/>\n<meta property=\"og:site_name\" content=\"Kulturhaus Wienhausen\" \/>\n<meta property=\"article:published_time\" content=\"2021-02-22T08:57:26+00:00\" \/>\n<meta property=\"article:modified_time\" content=\"2021-03-07T08:41:03+00:00\" \/>\n<meta property=\"og:image\" content=\"https:\/\/kulturhaus-wienhausen.de\/web\/wp-content\/uploads\/2021\/02\/Plakat_Ausstellung_Der-andere-Blick_Vera-Maria-Mu\u0308ller.jpeg\" \/>\n\t<meta property=\"og:image:width\" content=\"640\" \/>\n\t<meta property=\"og:image:height\" content=\"452\" \/>\n\t<meta property=\"og:image:type\" content=\"image\/jpeg\" \/>\n<meta name=\"author\" content=\"Kulturhaus Wienhausen\" \/>\n<meta name=\"twitter:card\" content=\"summary_large_image\" \/>\n<meta name=\"twitter:label1\" content=\"Verfasst von\" \/>\n\t<meta name=\"twitter:data1\" content=\"Kulturhaus Wienhausen\" \/>\n\t<meta name=\"twitter:label2\" content=\"Gesch\u00e4tzte Lesezeit\" \/>\n\t<meta name=\"twitter:data2\" content=\"7\u00a0Minuten\" \/>\n<script type=\"application\/ld+json\" class=\"yoast-schema-graph\">{\"@context\":\"https:\\\/\\\/schema.org\",\"@graph\":[{\"@type\":[\"Article\",\"BlogPosting\"],\"@id\":\"https:\\\/\\\/kulturhaus-wienhausen.de\\\/web\\\/vera-maria-mueller-der-andere-blick\\\/#article\",\"isPartOf\":{\"@id\":\"https:\\\/\\\/kulturhaus-wienhausen.de\\\/web\\\/vera-maria-mueller-der-andere-blick\\\/\"},\"author\":{\"name\":\"Kulturhaus Wienhausen\",\"@id\":\"https:\\\/\\\/kulturhaus-wienhausen.de\\\/web\\\/#\\\/schema\\\/person\\\/946b40976d48a38be0a8635aa4007b59\"},\"headline\":\"Vera-Maria M\u00fcller &#8211; Der andere Blick\",\"datePublished\":\"2021-02-22T08:57:26+00:00\",\"dateModified\":\"2021-03-07T08:41:03+00:00\",\"mainEntityOfPage\":{\"@id\":\"https:\\\/\\\/kulturhaus-wienhausen.de\\\/web\\\/vera-maria-mueller-der-andere-blick\\\/\"},\"wordCount\":1370,\"commentCount\":5,\"publisher\":{\"@id\":\"https:\\\/\\\/kulturhaus-wienhausen.de\\\/web\\\/#organization\"},\"image\":{\"@id\":\"https:\\\/\\\/kulturhaus-wienhausen.de\\\/web\\\/vera-maria-mueller-der-andere-blick\\\/#primaryimage\"},\"thumbnailUrl\":\"https:\\\/\\\/kulturhaus-wienhausen.de\\\/web\\\/wp-content\\\/uploads\\\/2021\\\/02\\\/Plakat_Ausstellung_Der-andere-Blick_Vera-Maria-Mu\u0308ller.jpeg\",\"articleSection\":[\"Ausstellung\"],\"inLanguage\":\"de\",\"potentialAction\":[{\"@type\":\"CommentAction\",\"name\":\"Comment\",\"target\":[\"https:\\\/\\\/kulturhaus-wienhausen.de\\\/web\\\/vera-maria-mueller-der-andere-blick\\\/#respond\"]}]},{\"@type\":\"WebPage\",\"@id\":\"https:\\\/\\\/kulturhaus-wienhausen.de\\\/web\\\/vera-maria-mueller-der-andere-blick\\\/\",\"url\":\"https:\\\/\\\/kulturhaus-wienhausen.de\\\/web\\\/vera-maria-mueller-der-andere-blick\\\/\",\"name\":\"Vera-Maria M\u00fcller - Der andere Blick - Kulturhaus Wienhausen\",\"isPartOf\":{\"@id\":\"https:\\\/\\\/kulturhaus-wienhausen.de\\\/web\\\/#website\"},\"primaryImageOfPage\":{\"@id\":\"https:\\\/\\\/kulturhaus-wienhausen.de\\\/web\\\/vera-maria-mueller-der-andere-blick\\\/#primaryimage\"},\"image\":{\"@id\":\"https:\\\/\\\/kulturhaus-wienhausen.de\\\/web\\\/vera-maria-mueller-der-andere-blick\\\/#primaryimage\"},\"thumbnailUrl\":\"https:\\\/\\\/kulturhaus-wienhausen.de\\\/web\\\/wp-content\\\/uploads\\\/2021\\\/02\\\/Plakat_Ausstellung_Der-andere-Blick_Vera-Maria-Mu\u0308ller.jpeg\",\"datePublished\":\"2021-02-22T08:57:26+00:00\",\"dateModified\":\"2021-03-07T08:41:03+00:00\",\"description\":\"Kunst und Kultur in Wienhausen. Willkommen im Kulturhaus Wienhausen. - Vera-Maria M\u00fcller - Der andere Blick - Kulturhaus Wienhausen -\",\"breadcrumb\":{\"@id\":\"https:\\\/\\\/kulturhaus-wienhausen.de\\\/web\\\/vera-maria-mueller-der-andere-blick\\\/#breadcrumb\"},\"inLanguage\":\"de\",\"potentialAction\":[{\"@type\":\"ReadAction\",\"target\":[\"https:\\\/\\\/kulturhaus-wienhausen.de\\\/web\\\/vera-maria-mueller-der-andere-blick\\\/\"]}]},{\"@type\":\"ImageObject\",\"inLanguage\":\"de\",\"@id\":\"https:\\\/\\\/kulturhaus-wienhausen.de\\\/web\\\/vera-maria-mueller-der-andere-blick\\\/#primaryimage\",\"url\":\"https:\\\/\\\/kulturhaus-wienhausen.de\\\/web\\\/wp-content\\\/uploads\\\/2021\\\/02\\\/Plakat_Ausstellung_Der-andere-Blick_Vera-Maria-Mu\u0308ller.jpeg\",\"contentUrl\":\"https:\\\/\\\/kulturhaus-wienhausen.de\\\/web\\\/wp-content\\\/uploads\\\/2021\\\/02\\\/Plakat_Ausstellung_Der-andere-Blick_Vera-Maria-Mu\u0308ller.jpeg\",\"width\":640,\"height\":452,\"caption\":\"Vera-Maria M\u00fcller - Der andere Blick\"},{\"@type\":\"BreadcrumbList\",\"@id\":\"https:\\\/\\\/kulturhaus-wienhausen.de\\\/web\\\/vera-maria-mueller-der-andere-blick\\\/#breadcrumb\",\"itemListElement\":[{\"@type\":\"ListItem\",\"position\":1,\"name\":\"Startseite\",\"item\":\"https:\\\/\\\/kulturhaus-wienhausen.de\\\/web\\\/\"},{\"@type\":\"ListItem\",\"position\":2,\"name\":\"Vera-Maria M\u00fcller &#8211; Der andere Blick\"}]},{\"@type\":\"WebSite\",\"@id\":\"https:\\\/\\\/kulturhaus-wienhausen.de\\\/web\\\/#website\",\"url\":\"https:\\\/\\\/kulturhaus-wienhausen.de\\\/web\\\/\",\"name\":\"Kulturhaus Wienhausen\",\"description\":\"Kunst und Kultur in Wienhausen\",\"publisher\":{\"@id\":\"https:\\\/\\\/kulturhaus-wienhausen.de\\\/web\\\/#organization\"},\"potentialAction\":[{\"@type\":\"SearchAction\",\"target\":{\"@type\":\"EntryPoint\",\"urlTemplate\":\"https:\\\/\\\/kulturhaus-wienhausen.de\\\/web\\\/?s={search_term_string}\"},\"query-input\":{\"@type\":\"PropertyValueSpecification\",\"valueRequired\":true,\"valueName\":\"search_term_string\"}}],\"inLanguage\":\"de\"},{\"@type\":\"Organization\",\"@id\":\"https:\\\/\\\/kulturhaus-wienhausen.de\\\/web\\\/#organization\",\"name\":\"Kulturhaus Wienhausen\",\"alternateName\":\"klostergemeinde Wienhausen\",\"url\":\"https:\\\/\\\/kulturhaus-wienhausen.de\\\/web\\\/\",\"logo\":{\"@type\":\"ImageObject\",\"inLanguage\":\"de\",\"@id\":\"https:\\\/\\\/kulturhaus-wienhausen.de\\\/web\\\/#\\\/schema\\\/logo\\\/image\\\/\",\"url\":\"https:\\\/\\\/kulturhaus-wienhausen.de\\\/web\\\/wp-content\\\/uploads\\\/2020\\\/07\\\/Logo-400x284-1.png\",\"contentUrl\":\"https:\\\/\\\/kulturhaus-wienhausen.de\\\/web\\\/wp-content\\\/uploads\\\/2020\\\/07\\\/Logo-400x284-1.png\",\"width\":400,\"height\":284,\"caption\":\"Kulturhaus Wienhausen\"},\"image\":{\"@id\":\"https:\\\/\\\/kulturhaus-wienhausen.de\\\/web\\\/#\\\/schema\\\/logo\\\/image\\\/\"}},{\"@type\":\"Person\",\"@id\":\"https:\\\/\\\/kulturhaus-wienhausen.de\\\/web\\\/#\\\/schema\\\/person\\\/946b40976d48a38be0a8635aa4007b59\",\"name\":\"Kulturhaus Wienhausen\",\"url\":\"https:\\\/\\\/kulturhaus-wienhausen.de\\\/web\\\/author\\\/admin\\\/\"}]}<\/script>\n<!-- \/ Yoast SEO plugin. -->","yoast_head_json":{"title":"Vera-Maria M\u00fcller - Der andere Blick - Kulturhaus Wienhausen","description":"Kunst und Kultur in Wienhausen. Willkommen im Kulturhaus Wienhausen. - Vera-Maria M\u00fcller - Der andere Blick - Kulturhaus Wienhausen -","robots":{"index":"index","follow":"follow","max-snippet":"max-snippet:-1","max-image-preview":"max-image-preview:large","max-video-preview":"max-video-preview:-1"},"canonical":"https:\/\/kulturhaus-wienhausen.de\/web\/vera-maria-mueller-der-andere-blick\/","og_locale":"de_DE","og_type":"article","og_title":"Vera-Maria M\u00fcller - Der andere Blick - Kulturhaus Wienhausen","og_description":"Kunst und Kultur in Wienhausen. Willkommen im Kulturhaus Wienhausen. - Vera-Maria M\u00fcller - Der andere Blick - Kulturhaus Wienhausen -","og_url":"https:\/\/kulturhaus-wienhausen.de\/web\/vera-maria-mueller-der-andere-blick\/","og_site_name":"Kulturhaus Wienhausen","article_published_time":"2021-02-22T08:57:26+00:00","article_modified_time":"2021-03-07T08:41:03+00:00","og_image":[{"width":640,"height":452,"url":"https:\/\/kulturhaus-wienhausen.de\/web\/wp-content\/uploads\/2021\/02\/Plakat_Ausstellung_Der-andere-Blick_Vera-Maria-Mu\u0308ller.jpeg","type":"image\/jpeg"}],"author":"Kulturhaus Wienhausen","twitter_card":"summary_large_image","twitter_misc":{"Verfasst von":"Kulturhaus Wienhausen","Gesch\u00e4tzte Lesezeit":"7\u00a0Minuten"},"schema":{"@context":"https:\/\/schema.org","@graph":[{"@type":["Article","BlogPosting"],"@id":"https:\/\/kulturhaus-wienhausen.de\/web\/vera-maria-mueller-der-andere-blick\/#article","isPartOf":{"@id":"https:\/\/kulturhaus-wienhausen.de\/web\/vera-maria-mueller-der-andere-blick\/"},"author":{"name":"Kulturhaus Wienhausen","@id":"https:\/\/kulturhaus-wienhausen.de\/web\/#\/schema\/person\/946b40976d48a38be0a8635aa4007b59"},"headline":"Vera-Maria M\u00fcller &#8211; Der andere Blick","datePublished":"2021-02-22T08:57:26+00:00","dateModified":"2021-03-07T08:41:03+00:00","mainEntityOfPage":{"@id":"https:\/\/kulturhaus-wienhausen.de\/web\/vera-maria-mueller-der-andere-blick\/"},"wordCount":1370,"commentCount":5,"publisher":{"@id":"https:\/\/kulturhaus-wienhausen.de\/web\/#organization"},"image":{"@id":"https:\/\/kulturhaus-wienhausen.de\/web\/vera-maria-mueller-der-andere-blick\/#primaryimage"},"thumbnailUrl":"https:\/\/kulturhaus-wienhausen.de\/web\/wp-content\/uploads\/2021\/02\/Plakat_Ausstellung_Der-andere-Blick_Vera-Maria-Mu\u0308ller.jpeg","articleSection":["Ausstellung"],"inLanguage":"de","potentialAction":[{"@type":"CommentAction","name":"Comment","target":["https:\/\/kulturhaus-wienhausen.de\/web\/vera-maria-mueller-der-andere-blick\/#respond"]}]},{"@type":"WebPage","@id":"https:\/\/kulturhaus-wienhausen.de\/web\/vera-maria-mueller-der-andere-blick\/","url":"https:\/\/kulturhaus-wienhausen.de\/web\/vera-maria-mueller-der-andere-blick\/","name":"Vera-Maria M\u00fcller - Der andere Blick - Kulturhaus Wienhausen","isPartOf":{"@id":"https:\/\/kulturhaus-wienhausen.de\/web\/#website"},"primaryImageOfPage":{"@id":"https:\/\/kulturhaus-wienhausen.de\/web\/vera-maria-mueller-der-andere-blick\/#primaryimage"},"image":{"@id":"https:\/\/kulturhaus-wienhausen.de\/web\/vera-maria-mueller-der-andere-blick\/#primaryimage"},"thumbnailUrl":"https:\/\/kulturhaus-wienhausen.de\/web\/wp-content\/uploads\/2021\/02\/Plakat_Ausstellung_Der-andere-Blick_Vera-Maria-Mu\u0308ller.jpeg","datePublished":"2021-02-22T08:57:26+00:00","dateModified":"2021-03-07T08:41:03+00:00","description":"Kunst und Kultur in Wienhausen. Willkommen im Kulturhaus Wienhausen. - Vera-Maria M\u00fcller - Der andere Blick - Kulturhaus Wienhausen -","breadcrumb":{"@id":"https:\/\/kulturhaus-wienhausen.de\/web\/vera-maria-mueller-der-andere-blick\/#breadcrumb"},"inLanguage":"de","potentialAction":[{"@type":"ReadAction","target":["https:\/\/kulturhaus-wienhausen.de\/web\/vera-maria-mueller-der-andere-blick\/"]}]},{"@type":"ImageObject","inLanguage":"de","@id":"https:\/\/kulturhaus-wienhausen.de\/web\/vera-maria-mueller-der-andere-blick\/#primaryimage","url":"https:\/\/kulturhaus-wienhausen.de\/web\/wp-content\/uploads\/2021\/02\/Plakat_Ausstellung_Der-andere-Blick_Vera-Maria-Mu\u0308ller.jpeg","contentUrl":"https:\/\/kulturhaus-wienhausen.de\/web\/wp-content\/uploads\/2021\/02\/Plakat_Ausstellung_Der-andere-Blick_Vera-Maria-Mu\u0308ller.jpeg","width":640,"height":452,"caption":"Vera-Maria M\u00fcller - Der andere Blick"},{"@type":"BreadcrumbList","@id":"https:\/\/kulturhaus-wienhausen.de\/web\/vera-maria-mueller-der-andere-blick\/#breadcrumb","itemListElement":[{"@type":"ListItem","position":1,"name":"Startseite","item":"https:\/\/kulturhaus-wienhausen.de\/web\/"},{"@type":"ListItem","position":2,"name":"Vera-Maria M\u00fcller &#8211; Der andere Blick"}]},{"@type":"WebSite","@id":"https:\/\/kulturhaus-wienhausen.de\/web\/#website","url":"https:\/\/kulturhaus-wienhausen.de\/web\/","name":"Kulturhaus Wienhausen","description":"Kunst und Kultur in Wienhausen","publisher":{"@id":"https:\/\/kulturhaus-wienhausen.de\/web\/#organization"},"potentialAction":[{"@type":"SearchAction","target":{"@type":"EntryPoint","urlTemplate":"https:\/\/kulturhaus-wienhausen.de\/web\/?s={search_term_string}"},"query-input":{"@type":"PropertyValueSpecification","valueRequired":true,"valueName":"search_term_string"}}],"inLanguage":"de"},{"@type":"Organization","@id":"https:\/\/kulturhaus-wienhausen.de\/web\/#organization","name":"Kulturhaus Wienhausen","alternateName":"klostergemeinde Wienhausen","url":"https:\/\/kulturhaus-wienhausen.de\/web\/","logo":{"@type":"ImageObject","inLanguage":"de","@id":"https:\/\/kulturhaus-wienhausen.de\/web\/#\/schema\/logo\/image\/","url":"https:\/\/kulturhaus-wienhausen.de\/web\/wp-content\/uploads\/2020\/07\/Logo-400x284-1.png","contentUrl":"https:\/\/kulturhaus-wienhausen.de\/web\/wp-content\/uploads\/2020\/07\/Logo-400x284-1.png","width":400,"height":284,"caption":"Kulturhaus Wienhausen"},"image":{"@id":"https:\/\/kulturhaus-wienhausen.de\/web\/#\/schema\/logo\/image\/"}},{"@type":"Person","@id":"https:\/\/kulturhaus-wienhausen.de\/web\/#\/schema\/person\/946b40976d48a38be0a8635aa4007b59","name":"Kulturhaus Wienhausen","url":"https:\/\/kulturhaus-wienhausen.de\/web\/author\/admin\/"}]}},"_links":{"self":[{"href":"https:\/\/kulturhaus-wienhausen.de\/web\/wp-json\/wp\/v2\/posts\/55","targetHints":{"allow":["GET"]}}],"collection":[{"href":"https:\/\/kulturhaus-wienhausen.de\/web\/wp-json\/wp\/v2\/posts"}],"about":[{"href":"https:\/\/kulturhaus-wienhausen.de\/web\/wp-json\/wp\/v2\/types\/post"}],"author":[{"embeddable":true,"href":"https:\/\/kulturhaus-wienhausen.de\/web\/wp-json\/wp\/v2\/users\/1"}],"replies":[{"embeddable":true,"href":"https:\/\/kulturhaus-wienhausen.de\/web\/wp-json\/wp\/v2\/comments?post=55"}],"version-history":[{"count":0,"href":"https:\/\/kulturhaus-wienhausen.de\/web\/wp-json\/wp\/v2\/posts\/55\/revisions"}],"wp:featuredmedia":[{"embeddable":true,"href":"https:\/\/kulturhaus-wienhausen.de\/web\/wp-json\/wp\/v2\/media\/64"}],"wp:attachment":[{"href":"https:\/\/kulturhaus-wienhausen.de\/web\/wp-json\/wp\/v2\/media?parent=55"}],"wp:term":[{"taxonomy":"category","embeddable":true,"href":"https:\/\/kulturhaus-wienhausen.de\/web\/wp-json\/wp\/v2\/categories?post=55"},{"taxonomy":"post_tag","embeddable":true,"href":"https:\/\/kulturhaus-wienhausen.de\/web\/wp-json\/wp\/v2\/tags?post=55"}],"curies":[{"name":"wp","href":"https:\/\/api.w.org\/{rel}","templated":true}]}}